[{"@context":"https:\/\/schema.org\/","@type":"Article","@id":"https:\/\/www.envivos.cz\/mate-predstavu-o-prima-dovolene\/#Article","mainEntityOfPage":"https:\/\/www.envivos.cz\/mate-predstavu-o-prima-dovolene\/","headline":"M\u00e1te p\u0159edstavu o pr\u00edma dovolen\u00e9?","name":"M\u00e1te p\u0159edstavu o pr\u00edma dovolen\u00e9?","description":"Jak si u\u017e\u00edt l\u00e9to? U slan\u00e9 vody Hled\u00e1te kr\u00e1sn\u00e9 a klidn\u00e9 m\u00edsto, kde byste si mohli spole\u010dn\u011b s va\u0161\u00ed rodinou \u010di nejbli\u017e\u0161\u00edmi p\u0159\u00e1teli p\u00e1r dn\u00ed","datePublished":"2024-12-27","dateModified":"2024-12-27","author":{"@type":"Person","@id":"https:\/\/www.envivos.cz\/author\/devene\/#Person","name":"devene","url":"https:\/\/www.envivos.cz\/author\/devene\/","identifier":1,"image":{"@type":"ImageObject","@id":"https:\/\/secure.gravatar.com\/avatar\/edf965aa5e6319b22667bed24bb070a38fc0326fd1c728db50dc1d860a4a16ad?s=96&d=mm&r=g","url":"https:\/\/secure.gravatar.com\/avatar\/edf965aa5e6319b22667bed24bb070a38fc0326fd1c728db50dc1d860a4a16ad?s=96&d=mm&r=g","height":96,"width":96}},"publisher":{"@type":"Organization","name":"envivos.cz","logo":{"@type":"ImageObject","@id":"\/logo.png","url":"\/logo.png","width":600,"height":60}},"url":"https:\/\/www.envivos.cz\/mate-predstavu-o-prima-dovolene\/","wordCount":234,"articleBody":" Jak si u\u017e\u00edt l\u00e9to? U slan\u00e9 vody Hled\u00e1te kr\u00e1sn\u00e9 a klidn\u00e9 m\u00edsto, kde byste si mohli spole\u010dn\u011b s va\u0161\u00ed rodinou \u010di nejbli\u017e\u0161\u00edmi p\u0159\u00e1teli p\u00e1r dn\u00ed v klidu odpo\u010dinout? Chcete b\u00fdt obklopeni kr\u00e1snou p\u0159\u00edrodou, mo\u0159em a slun\u00ed\u010dkem? Pak si vyberte jeden z na\u0161ich skv\u011bl\u00fdch z\u00e1jezd\u016f, proto\u017ee pr\u00e1v\u011b na\u0161e nab\u00eddka \u201eChorvatsko &#8211; dovolen\u00e1\u201c v\u00e1m spln\u00ed v\u0161echny tyto sny. Je\u010fte za z\u00e1\u017eitky na jih, Jadran to jist\u00ed Chorvatsko &#8211; dovolen\u00e1, po kter\u00e9 tou\u017e\u00edte. Sta\u010d\u00ed, pokud si najedete na na\u0161e p\u0159ehledn\u00e9 webov\u00e9 str\u00e1nky a vyberete si, kter\u00e9 m\u00edsto \u010di apartm\u00e1n se v\u00e1m l\u00edb\u00ed nejv\u00edce. V\u00fdhoda nab\u00edzen\u00fdch apartm\u00e1n\u016f je jednozna\u010dn\u011b v tom, \u017ee m\u016f\u017eete na dovolenou jet ve dvou, ale i nap\u0159\u00edklad v osmi lidech a tak se nemus\u00edte s p\u0159\u00e1teli b\u00e1t, \u017ee budete muset sp\u00e1t v rozd\u00edln\u00fdch hotel\u00edch daleko od sebe a dovolenou si tak naplno neu\u017eijete. T\u011b\u0161\u00edme se na V\u00e1s Na\u0161e nab\u00eddka Chorvatsko dovolen\u00e1 je tedy ide\u00e1ln\u00ed pro ty, kte\u0159\u00ed si cht\u011bj\u00ed naplno u\u017e\u00edt volno a p\u0159itom neutratit hodn\u011b pen\u011bz. V p\u0159\u00edpad\u011b jak\u00fdkoli dotaz\u016f n\u00e1s nev\u00e1hejte kontaktovat, t\u011b\u0161\u00edme se na V\u00e1s.                                                                                                                                                                                                                                                                                                                                                                                        4\/5 - (2 votes)        "},{"@context":"https:\/\/schema.org\/","@type":"BreadcrumbList","itemListElement":[{"@type":"ListItem","position":1,"name":"M\u00e1te p\u0159edstavu o pr\u00edma dovolen\u00e9?","item":"https:\/\/www.envivos.cz\/mate-predstavu-o-prima-dovolene\/#breadcrumbitem"}]}]