[{"@context":"https:\/\/schema.org\/","@type":"Article","@id":"https:\/\/www.envivos.cz\/je-li-ucetnictvi-problem\/#Article","mainEntityOfPage":"https:\/\/www.envivos.cz\/je-li-ucetnictvi-problem\/","headline":"Je-li \u00fa\u010detnictv\u00ed probl\u00e9m","name":"Je-li \u00fa\u010detnictv\u00ed probl\u00e9m","description":"Na podnik\u00e1n\u00ed je stejn\u011b jako na kter\u00e9koliv jin\u00e9 v\u00fdd\u011ble\u010dn\u00e9 \u010dinnosti kr\u00e1sn\u00e9 to, \u017ee tu \u010dlov\u011bk dostane jako odm\u011bnu pen\u00edze. Kter\u00e9 jsou dokonalou odm\u011bnou. I kdy\u017e","datePublished":"2022-10-24","dateModified":"2022-10-24","author":{"@type":"Person","@id":"https:\/\/www.envivos.cz\/author\/devene\/#Person","name":"devene","url":"https:\/\/www.envivos.cz\/author\/devene\/","identifier":1,"image":{"@type":"ImageObject","@id":"https:\/\/secure.gravatar.com\/avatar\/edf965aa5e6319b22667bed24bb070a38fc0326fd1c728db50dc1d860a4a16ad?s=96&d=mm&r=g","url":"https:\/\/secure.gravatar.com\/avatar\/edf965aa5e6319b22667bed24bb070a38fc0326fd1c728db50dc1d860a4a16ad?s=96&d=mm&r=g","height":96,"width":96}},"publisher":{"@type":"Organization","name":"envivos.cz","logo":{"@type":"ImageObject","@id":"\/logo.png","url":"\/logo.png","width":600,"height":60}},"image":{"@type":"ImageObject","@id":"https:\/\/www.envivos.cz\/wp-content\/uploads\/svazky%20pen%C4%9Bz.jpg","url":"https:\/\/www.envivos.cz\/wp-content\/uploads\/svazky%20pen%C4%9Bz.jpg","height":0,"width":0},"url":"https:\/\/www.envivos.cz\/je-li-ucetnictvi-problem\/","about":["Online"],"wordCount":402,"articleBody":"   Na podnik\u00e1n\u00ed je stejn\u011b jako na kter\u00e9koliv jin\u00e9 v\u00fdd\u011ble\u010dn\u00e9 \u010dinnosti kr\u00e1sn\u00e9 to, \u017ee tu \u010dlov\u011bk dostane jako odm\u011bnu pen\u00edze. Kter\u00e9 jsou dokonalou odm\u011bnou. I kdy\u017e vlastn\u011b tak trochu i on\u00edm zn\u00e1m\u00fdm danajsk\u00fdm darem, proto\u017ee i takto vyd\u011blan\u00e9 pen\u00edze maj\u00ed svou pon\u011bkud odvr\u00e1cenou stranu. A sice to, \u017ee se z nich mus\u00ed platit i r\u016fzn\u00e9 v\u00fddaje a odvody. A mus\u00ed se tu tedy dob\u0159e po\u010d\u00edtat, aby \u010dlov\u011bk nepochybil. Proto\u017ee nejen u v\u00fddaj\u016f, ale t\u0159eba i u odvod\u016f st\u00e1tu, plateb zdravotn\u00ed poji\u0161\u0165ovn\u011b a podobn\u011b by se jak\u00e1koliv chyba mohla vymst\u00edt.A tak mus\u00ed soukrom\u00ed podnikatel\u00e9 nejen vyd\u011bl\u00e1vat, ale tak\u00e9 po\u010d\u00edtat, kolik \u017ee po nich kdo \u017e\u00e1d\u00e1, a pak mus\u00ed nezbytn\u00e9 odvody n\u00e1le\u017eit\u011b hradit. A to si \u017e\u00e1d\u00e1 veden\u00ed kvalitn\u00edho \u00fa\u010detnictv\u00ed.Jen\u017ee to je mnoha ze soukromn\u00edk\u016f alespo\u0148 z\u010d\u00e1sti \u0161pan\u011blskou vesnic\u00ed. Tedy tomu tito zase a\u017e tak moc nerozum\u00ed a rozhodn\u011b v tom neb\u00fdvaj\u00ed p\u0159eborn\u00edky. Proto\u017ee ti, kdo um\u00ed podnikat to nebo ono, rozum\u00ed sv\u00e9mu \u0159emeslu, kter\u00e9 ale nemus\u00ed m\u00edt s t\u011bmi \u010d\u00edsly v\u016fbec nic spole\u010dn\u00e9ho. A podnikatel\u00e9 sami tak nejednou nev\u011bd\u00ed, kdy, komu a kolik by m\u011bli odv\u00e1d\u011bt. A jak zn\u00e1mo, neznalost z\u00e1kona neomlouv\u00e1, tak\u017ee by jim p\u0159\u00edpadn\u00e9 opomenut\u00ed plateb nebo \u0161patn\u011b spo\u010d\u00edtan\u00e9 odvody nikdo neodpustil a vymstilo by se to.Jen\u017ee to p\u0159ece nem\u016f\u017ee v\u00e9st k tomu, \u017ee se spousta \u0161ikovn\u00fdch lid\u00e9 do podnik\u00e1n\u00ed nepust\u00ed jenom proto, \u017ee nezvl\u00e1daj\u00ed z\u00e1le\u017eitosti \u00fa\u010detnictv\u00ed. To by byla \u0161koda. A nem\u011blo by doch\u00e1zet ani k tomu, \u017ee budou podnikatel\u00e9 trnout, zda maj\u00ed v\u0161e v po\u0159\u00e1dku. Jen\u017ee jak to tedy za\u0159\u00eddit, aby tito m\u011bli v\u017edy v\u0161echny odvody v po\u0159\u00e1dku? Nejlep\u0161\u00ed je spolehnout se na veden\u00ed \u00fa\u010detnictv\u00ed Praha 5, tedy na profesion\u00e1ln\u00ed firmu, kter\u00e1 jim klidn\u011b takov\u00e9 \u00fa\u010detnictv\u00ed povede a zajist\u00ed, \u017ee tu bude v\u017edy v\u0161e v naprost\u00e9m po\u0159\u00e1dku. Pr\u00e1v\u011b takov\u00e1 slu\u017eba dok\u00e1\u017ee podnikatel\u016fm u\u0161et\u0159it spoustu pr\u00e1ce a starost\u00ed. A pro\u010d by ji tedy nevyu\u017eili ti, kdo nemaj\u00ed na veden\u00ed \u00fa\u010detnictv\u00ed \u010das, hlavu, nervy nebo \u017ealudek?                                                                                                                                                                                                                                                                                                                                                                                          4.8\/5 - (5 votes)        "},{"@context":"https:\/\/schema.org\/","@type":"BreadcrumbList","itemListElement":[{"@type":"ListItem","position":1,"name":"Je-li \u00fa\u010detnictv\u00ed probl\u00e9m","item":"https:\/\/www.envivos.cz\/je-li-ucetnictvi-problem\/#breadcrumbitem"}]}]